{"id":7943,"date":"2020-10-15T14:46:09","date_gmt":"2020-10-15T12:46:09","guid":{"rendered":"https:\/\/thesalmonmarket.com\/panquecas-de-salmao-com-queijo-creme-e-ervas-finas\/"},"modified":"2020-10-15T14:46:09","modified_gmt":"2020-10-15T12:46:09","slug":"panquecas-de-salmao-com-queijo-creme-e-ervas-finas","status":"publish","type":"post","link":"https:\/\/thesalmonmarket.com\/pt\/panquecas-de-salmao-com-queijo-creme-e-ervas-finas\/","title":{"rendered":"PANQUECAS DE SALM\u00c3O COM QUEIJO CREME E ERVAS FINAS"},"content":{"rendered":"<p>Esta \u00e9 uma das melhores formas de cuidares de ti, independentemente da hora ou do dia. As panquecas de salm\u00e3o podem ser consumidas ao almo\u00e7o, ao lanche, ao jantar&#8230; Sempre que tiveres fome, \u00e9 uma forma \u00f3ptima e saud\u00e1vel de matar a fome. <\/p>\n<p>O melhor destas panquecas \u00e9 que podes variar o recheio, substituindo-o por salm\u00e3o, frango, legumes ou o que quiseres!<\/p>\n<p>A \u00fanica coisa que precisas de ter pronta e \u00e0 m\u00e3o no frigor\u00edfico para quando a fome bater s\u00e3o os crepes, que, claro, ter\u00e1s de ser tu a fazer! N\u00e3o te preocupes, porque \u00e9 muito f\u00e1cil, r\u00e1pido e em t\u00e3o pouco tempo poder\u00e1s fazer o suficiente para toda a semana. <\/p>\n<p>As nossas preferidas s\u00e3o a beterraba e o lim\u00e3o.<\/p>\n","protected":false},"excerpt":{"rendered":"<p>Esta \u00e9 uma das melhores formas de cuidares de ti,  [&#8230;]<\/p>\n","protected":false},"author":2,"featured_media":7944,"comment_status":"open","ping_status":"open","sticky":false,"template":"","format":"standard","meta":{"_acf_changed":false,"inline_featured_image":false,"_joinchat":[],"footnotes":""},"categories":[217],"tags":[],"class_list":["post-7943","post","type-post","status-publish","format-standard","has-post-thumbnail","hentry","category-receitas-de-salmao"],"acf":[],"yoast_head":"<!-- This site is optimized with the Yoast SEO plugin v27.3 - https:\/\/yoast.com\/product\/yoast-seo-wordpress\/ -->\n<title>Panquecas de salm\u00e3o com queijo creme - The Salmon Market<\/title>\n<meta name=\"description\" content=\"Receita de panquecas de salm\u00e3o com queijo creme e ervas: um lanche r\u00e1pido e f\u00e1cil que \u00e9 delicioso - experimenta!\" \/>\n<meta name=\"robots\" content=\"index, follow, max-snippet:-1, max-image-preview:large, max-video-preview:-1\" \/>\n<link rel=\"canonical\" href=\"https:\/\/thesalmonmarket.com\/pt\/panquecas-de-salmao-com-queijo-creme-e-ervas-finas\/\" \/>\n<meta property=\"og:locale\" content=\"pt_PT\" \/>\n<meta property=\"og:type\" content=\"article\" \/>\n<meta property=\"og:title\" content=\"Panquecas de salm\u00e3o com queijo creme - The Salmon Market\" \/>\n<meta property=\"og:description\" content=\"Receita de panquecas de salm\u00e3o com queijo creme e ervas: um lanche r\u00e1pido e f\u00e1cil que \u00e9 delicioso - experimenta!\" \/>\n<meta property=\"og:url\" content=\"https:\/\/thesalmonmarket.com\/pt\/panquecas-de-salmao-com-queijo-creme-e-ervas-finas\/\" \/>\n<meta property=\"og:site_name\" content=\"The Salmon Market\" \/>\n<meta property=\"article:published_time\" content=\"2020-10-15T12:46:09+00:00\" \/>\n<meta property=\"og:image\" content=\"https:\/\/thesalmonmarket.com\/wp-content\/uploads\/2020\/10\/blog6-400x400-1.jpg\" \/>\n\t<meta property=\"og:image:width\" content=\"400\" \/>\n\t<meta property=\"og:image:height\" content=\"268\" \/>\n\t<meta property=\"og:image:type\" content=\"image\/jpeg\" \/>\n<meta name=\"author\" content=\"Carolina Rivera\" \/>\n<meta name=\"twitter:card\" content=\"summary_large_image\" \/>\n<script type=\"application\/ld+json\" class=\"yoast-schema-graph\">{\"@context\":\"https:\\\/\\\/schema.org\",\"@graph\":[{\"@type\":\"Article\",\"@id\":\"https:\\\/\\\/thesalmonmarket.com\\\/pt\\\/panquecas-de-salmao-com-queijo-creme-e-ervas-finas\\\/#article\",\"isPartOf\":{\"@id\":\"https:\\\/\\\/thesalmonmarket.com\\\/pt\\\/panquecas-de-salmao-com-queijo-creme-e-ervas-finas\\\/\"},\"author\":{\"name\":\"Carolina Rivera\",\"@id\":\"https:\\\/\\\/thesalmonmarket.com\\\/pt\\\/#\\\/schema\\\/person\\\/da7b7b746c2ae648bdf433417fc332d2\"},\"headline\":\"PANQUECAS DE SALM\u00c3O COM QUEIJO CREME E ERVAS FINAS\",\"datePublished\":\"2020-10-15T12:46:09+00:00\",\"mainEntityOfPage\":{\"@id\":\"https:\\\/\\\/thesalmonmarket.com\\\/pt\\\/panquecas-de-salmao-com-queijo-creme-e-ervas-finas\\\/\"},\"wordCount\":141,\"commentCount\":0,\"image\":{\"@id\":\"https:\\\/\\\/thesalmonmarket.com\\\/pt\\\/panquecas-de-salmao-com-queijo-creme-e-ervas-finas\\\/#primaryimage\"},\"thumbnailUrl\":\"https:\\\/\\\/thesalmonmarket.com\\\/wp-content\\\/uploads\\\/2020\\\/10\\\/blog6-400x400-1.jpg\",\"articleSection\":[\"Receitas de salm\u00e3o\"],\"inLanguage\":\"pt\",\"potentialAction\":[{\"@type\":\"CommentAction\",\"name\":\"Comment\",\"target\":[\"https:\\\/\\\/thesalmonmarket.com\\\/pt\\\/panquecas-de-salmao-com-queijo-creme-e-ervas-finas\\\/#respond\"]}]},{\"@type\":\"WebPage\",\"@id\":\"https:\\\/\\\/thesalmonmarket.com\\\/pt\\\/panquecas-de-salmao-com-queijo-creme-e-ervas-finas\\\/\",\"url\":\"https:\\\/\\\/thesalmonmarket.com\\\/pt\\\/panquecas-de-salmao-com-queijo-creme-e-ervas-finas\\\/\",\"name\":\"Panquecas de salm\u00e3o com queijo creme - The Salmon Market\",\"isPartOf\":{\"@id\":\"https:\\\/\\\/thesalmonmarket.com\\\/pt\\\/#website\"},\"primaryImageOfPage\":{\"@id\":\"https:\\\/\\\/thesalmonmarket.com\\\/pt\\\/panquecas-de-salmao-com-queijo-creme-e-ervas-finas\\\/#primaryimage\"},\"image\":{\"@id\":\"https:\\\/\\\/thesalmonmarket.com\\\/pt\\\/panquecas-de-salmao-com-queijo-creme-e-ervas-finas\\\/#primaryimage\"},\"thumbnailUrl\":\"https:\\\/\\\/thesalmonmarket.com\\\/wp-content\\\/uploads\\\/2020\\\/10\\\/blog6-400x400-1.jpg\",\"datePublished\":\"2020-10-15T12:46:09+00:00\",\"author\":{\"@id\":\"https:\\\/\\\/thesalmonmarket.com\\\/pt\\\/#\\\/schema\\\/person\\\/da7b7b746c2ae648bdf433417fc332d2\"},\"description\":\"Receita de panquecas de salm\u00e3o com queijo creme e ervas: um lanche r\u00e1pido e f\u00e1cil que \u00e9 delicioso - experimenta!\",\"breadcrumb\":{\"@id\":\"https:\\\/\\\/thesalmonmarket.com\\\/pt\\\/panquecas-de-salmao-com-queijo-creme-e-ervas-finas\\\/#breadcrumb\"},\"inLanguage\":\"pt\",\"potentialAction\":[{\"@type\":\"ReadAction\",\"target\":[\"https:\\\/\\\/thesalmonmarket.com\\\/pt\\\/panquecas-de-salmao-com-queijo-creme-e-ervas-finas\\\/\"]}]},{\"@type\":\"ImageObject\",\"inLanguage\":\"pt\",\"@id\":\"https:\\\/\\\/thesalmonmarket.com\\\/pt\\\/panquecas-de-salmao-com-queijo-creme-e-ervas-finas\\\/#primaryimage\",\"url\":\"https:\\\/\\\/thesalmonmarket.com\\\/wp-content\\\/uploads\\\/2020\\\/10\\\/blog6-400x400-1.jpg\",\"contentUrl\":\"https:\\\/\\\/thesalmonmarket.com\\\/wp-content\\\/uploads\\\/2020\\\/10\\\/blog6-400x400-1.jpg\",\"width\":400,\"height\":268,\"caption\":\"Crepes de salm\u00f3n ahumado con queso crema y finas hierbas\"},{\"@type\":\"BreadcrumbList\",\"@id\":\"https:\\\/\\\/thesalmonmarket.com\\\/pt\\\/panquecas-de-salmao-com-queijo-creme-e-ervas-finas\\\/#breadcrumb\",\"itemListElement\":[{\"@type\":\"ListItem\",\"position\":1,\"name\":\"Portada\",\"item\":\"https:\\\/\\\/thesalmonmarket.com\\\/pt\\\/casa\\\/\"},{\"@type\":\"ListItem\",\"position\":2,\"name\":\"PANQUECAS DE SALM\u00c3O COM QUEIJO CREME E ERVAS FINAS\"}]},{\"@type\":\"WebSite\",\"@id\":\"https:\\\/\\\/thesalmonmarket.com\\\/pt\\\/#website\",\"url\":\"https:\\\/\\\/thesalmonmarket.com\\\/pt\\\/\",\"name\":\"The Salmon Market\",\"description\":\"Tienda online de salm\u00f3n ahumado y fresco\",\"potentialAction\":[{\"@type\":\"SearchAction\",\"target\":{\"@type\":\"EntryPoint\",\"urlTemplate\":\"https:\\\/\\\/thesalmonmarket.com\\\/pt\\\/?s={search_term_string}\"},\"query-input\":{\"@type\":\"PropertyValueSpecification\",\"valueRequired\":true,\"valueName\":\"search_term_string\"}}],\"inLanguage\":\"pt\"},{\"@type\":\"Person\",\"@id\":\"https:\\\/\\\/thesalmonmarket.com\\\/pt\\\/#\\\/schema\\\/person\\\/da7b7b746c2ae648bdf433417fc332d2\",\"name\":\"Carolina Rivera\",\"url\":\"https:\\\/\\\/thesalmonmarket.com\\\/pt\\\/author\\\/the-salmon-market\\\/\"}]}<\/script>\n<!-- \/ Yoast SEO plugin. -->","yoast_head_json":{"title":"Panquecas de salm\u00e3o com queijo creme - The Salmon Market","description":"Receita de panquecas de salm\u00e3o com queijo creme e ervas: um lanche r\u00e1pido e f\u00e1cil que \u00e9 delicioso - experimenta!","robots":{"index":"index","follow":"follow","max-snippet":"max-snippet:-1","max-image-preview":"max-image-preview:large","max-video-preview":"max-video-preview:-1"},"canonical":"https:\/\/thesalmonmarket.com\/pt\/panquecas-de-salmao-com-queijo-creme-e-ervas-finas\/","og_locale":"pt_PT","og_type":"article","og_title":"Panquecas de salm\u00e3o com queijo creme - The Salmon Market","og_description":"Receita de panquecas de salm\u00e3o com queijo creme e ervas: um lanche r\u00e1pido e f\u00e1cil que \u00e9 delicioso - experimenta!","og_url":"https:\/\/thesalmonmarket.com\/pt\/panquecas-de-salmao-com-queijo-creme-e-ervas-finas\/","og_site_name":"The Salmon Market","article_published_time":"2020-10-15T12:46:09+00:00","og_image":[{"width":400,"height":268,"url":"https:\/\/thesalmonmarket.com\/wp-content\/uploads\/2020\/10\/blog6-400x400-1.jpg","type":"image\/jpeg"}],"author":"Carolina Rivera","twitter_card":"summary_large_image","schema":{"@context":"https:\/\/schema.org","@graph":[{"@type":"Article","@id":"https:\/\/thesalmonmarket.com\/pt\/panquecas-de-salmao-com-queijo-creme-e-ervas-finas\/#article","isPartOf":{"@id":"https:\/\/thesalmonmarket.com\/pt\/panquecas-de-salmao-com-queijo-creme-e-ervas-finas\/"},"author":{"name":"Carolina Rivera","@id":"https:\/\/thesalmonmarket.com\/pt\/#\/schema\/person\/da7b7b746c2ae648bdf433417fc332d2"},"headline":"PANQUECAS DE SALM\u00c3O COM QUEIJO CREME E ERVAS FINAS","datePublished":"2020-10-15T12:46:09+00:00","mainEntityOfPage":{"@id":"https:\/\/thesalmonmarket.com\/pt\/panquecas-de-salmao-com-queijo-creme-e-ervas-finas\/"},"wordCount":141,"commentCount":0,"image":{"@id":"https:\/\/thesalmonmarket.com\/pt\/panquecas-de-salmao-com-queijo-creme-e-ervas-finas\/#primaryimage"},"thumbnailUrl":"https:\/\/thesalmonmarket.com\/wp-content\/uploads\/2020\/10\/blog6-400x400-1.jpg","articleSection":["Receitas de salm\u00e3o"],"inLanguage":"pt","potentialAction":[{"@type":"CommentAction","name":"Comment","target":["https:\/\/thesalmonmarket.com\/pt\/panquecas-de-salmao-com-queijo-creme-e-ervas-finas\/#respond"]}]},{"@type":"WebPage","@id":"https:\/\/thesalmonmarket.com\/pt\/panquecas-de-salmao-com-queijo-creme-e-ervas-finas\/","url":"https:\/\/thesalmonmarket.com\/pt\/panquecas-de-salmao-com-queijo-creme-e-ervas-finas\/","name":"Panquecas de salm\u00e3o com queijo creme - The Salmon Market","isPartOf":{"@id":"https:\/\/thesalmonmarket.com\/pt\/#website"},"primaryImageOfPage":{"@id":"https:\/\/thesalmonmarket.com\/pt\/panquecas-de-salmao-com-queijo-creme-e-ervas-finas\/#primaryimage"},"image":{"@id":"https:\/\/thesalmonmarket.com\/pt\/panquecas-de-salmao-com-queijo-creme-e-ervas-finas\/#primaryimage"},"thumbnailUrl":"https:\/\/thesalmonmarket.com\/wp-content\/uploads\/2020\/10\/blog6-400x400-1.jpg","datePublished":"2020-10-15T12:46:09+00:00","author":{"@id":"https:\/\/thesalmonmarket.com\/pt\/#\/schema\/person\/da7b7b746c2ae648bdf433417fc332d2"},"description":"Receita de panquecas de salm\u00e3o com queijo creme e ervas: um lanche r\u00e1pido e f\u00e1cil que \u00e9 delicioso - experimenta!","breadcrumb":{"@id":"https:\/\/thesalmonmarket.com\/pt\/panquecas-de-salmao-com-queijo-creme-e-ervas-finas\/#breadcrumb"},"inLanguage":"pt","potentialAction":[{"@type":"ReadAction","target":["https:\/\/thesalmonmarket.com\/pt\/panquecas-de-salmao-com-queijo-creme-e-ervas-finas\/"]}]},{"@type":"ImageObject","inLanguage":"pt","@id":"https:\/\/thesalmonmarket.com\/pt\/panquecas-de-salmao-com-queijo-creme-e-ervas-finas\/#primaryimage","url":"https:\/\/thesalmonmarket.com\/wp-content\/uploads\/2020\/10\/blog6-400x400-1.jpg","contentUrl":"https:\/\/thesalmonmarket.com\/wp-content\/uploads\/2020\/10\/blog6-400x400-1.jpg","width":400,"height":268,"caption":"Crepes de salm\u00f3n ahumado con queso crema y finas hierbas"},{"@type":"BreadcrumbList","@id":"https:\/\/thesalmonmarket.com\/pt\/panquecas-de-salmao-com-queijo-creme-e-ervas-finas\/#breadcrumb","itemListElement":[{"@type":"ListItem","position":1,"name":"Portada","item":"https:\/\/thesalmonmarket.com\/pt\/casa\/"},{"@type":"ListItem","position":2,"name":"PANQUECAS DE SALM\u00c3O COM QUEIJO CREME E ERVAS FINAS"}]},{"@type":"WebSite","@id":"https:\/\/thesalmonmarket.com\/pt\/#website","url":"https:\/\/thesalmonmarket.com\/pt\/","name":"The Salmon Market","description":"Tienda online de salm\u00f3n ahumado y fresco","potentialAction":[{"@type":"SearchAction","target":{"@type":"EntryPoint","urlTemplate":"https:\/\/thesalmonmarket.com\/pt\/?s={search_term_string}"},"query-input":{"@type":"PropertyValueSpecification","valueRequired":true,"valueName":"search_term_string"}}],"inLanguage":"pt"},{"@type":"Person","@id":"https:\/\/thesalmonmarket.com\/pt\/#\/schema\/person\/da7b7b746c2ae648bdf433417fc332d2","name":"Carolina Rivera","url":"https:\/\/thesalmonmarket.com\/pt\/author\/the-salmon-market\/"}]}},"_links":{"self":[{"href":"https:\/\/thesalmonmarket.com\/pt\/wp-json\/wp\/v2\/posts\/7943","targetHints":{"allow":["GET"]}}],"collection":[{"href":"https:\/\/thesalmonmarket.com\/pt\/wp-json\/wp\/v2\/posts"}],"about":[{"href":"https:\/\/thesalmonmarket.com\/pt\/wp-json\/wp\/v2\/types\/post"}],"author":[{"embeddable":true,"href":"https:\/\/thesalmonmarket.com\/pt\/wp-json\/wp\/v2\/users\/2"}],"replies":[{"embeddable":true,"href":"https:\/\/thesalmonmarket.com\/pt\/wp-json\/wp\/v2\/comments?post=7943"}],"version-history":[{"count":0,"href":"https:\/\/thesalmonmarket.com\/pt\/wp-json\/wp\/v2\/posts\/7943\/revisions"}],"wp:featuredmedia":[{"embeddable":true,"href":"https:\/\/thesalmonmarket.com\/pt\/wp-json\/wp\/v2\/media\/7944"}],"wp:attachment":[{"href":"https:\/\/thesalmonmarket.com\/pt\/wp-json\/wp\/v2\/media?parent=7943"}],"wp:term":[{"taxonomy":"category","embeddable":true,"href":"https:\/\/thesalmonmarket.com\/pt\/wp-json\/wp\/v2\/categories?post=7943"},{"taxonomy":"post_tag","embeddable":true,"href":"https:\/\/thesalmonmarket.com\/pt\/wp-json\/wp\/v2\/tags?post=7943"}],"curies":[{"name":"wp","href":"https:\/\/api.w.org\/{rel}","templated":true}]}}